{"id":7426,"date":"2022-02-14T17:36:59","date_gmt":"2022-02-14T16:36:59","guid":{"rendered":"https:\/\/www.tagina.it\/tagina-tra-i-partecipanti-della-fiera-myplantsgarden\/"},"modified":"2022-08-23T17:16:05","modified_gmt":"2022-08-23T15:16:05","slug":"tagina-tra-i-partecipanti-della-fiera-myplantsgarden","status":"publish","type":"post","link":"https:\/\/www.tagina.it\/de\/tagina-tra-i-partecipanti-della-fiera-myplantsgarden\/","title":{"rendered":"MyPlants&#038;Garden 2022"},"content":{"rendered":"\t\t<div data-elementor-type=\"wp-post\" data-elementor-id=\"7426\" class=\"elementor elementor-7426 elementor-7391\" data-elementor-post-type=\"post\">\n\t\t\t\t\t\t<section class=\"elementor-section elementor-top-section elementor-element elementor-element-2038ca3b elementor-section-boxed elementor-section-height-default elementor-section-height-default\" data-id=\"2038ca3b\" data-element_type=\"section\" data-e-type=\"section\" data-settings=\"{&quot;jet_parallax_layout_list&quot;:[]}\">\n\t\t\t\t\t\t<div class=\"elementor-container elementor-column-gap-default\">\n\t\t\t\t\t<div class=\"elementor-column elementor-col-100 elementor-top-column elementor-element elementor-element-3db58882\" data-id=\"3db58882\" data-element_type=\"column\" data-e-type=\"column\">\n\t\t\t<div class=\"elementor-widget-wrap elementor-element-populated\">\n\t\t\t\t\t\t<div class=\"elementor-element elementor-element-198adb90 elementor-widget elementor-widget-text-editor\" data-id=\"198adb90\" data-element_type=\"widget\" data-e-type=\"widget\" data-widget_type=\"text-editor.default\">\n\t\t\t\t<div class=\"elementor-widget-container\">\n\t\t\t\t\t\t\t\t\t<h2><span style=\"font-size: 24pt; font-family: verdana, geneva, sans-serif; color: #000000;\">Tagina \u00e8 tra i partecipanti della fiera MyPlant &amp; Garden.<\/span><\/h2><p><span style=\"font-family: verdana, geneva, sans-serif; color: #000000;\"><strong><span style=\"font-size: 14pt;\">Padiglione 20, Stand B49 \u2013 Fiera Milano, Rho (MI)<\/span><\/strong><\/span><\/p><p><span style=\"font-family: verdana, geneva, sans-serif; color: #000000;\"><strong>Dal 23 al 25 febbraio<\/strong>, <strong>Tagina<\/strong> far\u00e0 parte degli espositori presenti a <strong>Fiera Milano<\/strong>, in occasione della kermesse <strong>MyPlant &amp; Garden<\/strong>, in posizione principale, di fianco alla Landscape Area, sezione che coprir\u00e0 una parte del Pad. 20 dedicata al mondo della progettazione, ai materiali per esterno e agli approfondimenti relativi ai temi del paesaggio e della riqualificazione verde e del green building.<\/span><\/p><h3>\u00a0<\/h3><h3><span style=\"font-size: 18pt; font-family: verdana, geneva, sans-serif; color: #000000;\"><strong>La Fiera <\/strong><\/span><\/h3><p><span style=\"font-family: verdana, geneva, sans-serif; color: #000000;\"><strong>Myplant &amp; Garden<\/strong> \u00e8 la <strong>pi\u00f9 importante manifestazione<\/strong> professionale dell\u2019orto-florovivaismo, del paesaggio e del garden <strong>in Italia<\/strong>. Un punto di riferimento assoluto del mercato italiano e protagonista di primo piano di quelli internazionali. La fiera <strong>propone e promuove l\u2019intera filiera del verde<\/strong> attraverso offerte, innovazioni e soluzioni uniche volte ad amplificare e moltiplicare messaggi e stili di vita all\u2019insegna del verde, della sostenibilit\u00e0, della resilienza.<\/span><\/p><h3>\u00a0<\/h3><h3><span style=\"font-size: 18pt; font-family: verdana, geneva, sans-serif; color: #000000;\"><strong>L\u2019outdoor Tagina<\/strong><\/span><\/h3><p><span style=\"font-family: verdana, geneva, sans-serif; color: #000000;\">In linea con lo <strong>spirito green<\/strong> della fiera, la nostra partecipazione rappresenta una grande occasione per presentare al pubblico il nostro <strong>know-how<\/strong> del mondo <strong>outdoor<\/strong>, da sempre fiore all\u2019occhiello dell\u2019azienda.<\/span><\/p><p><span style=\"font-family: verdana, geneva, sans-serif; color: #000000;\">Con un\u2019ampia gamma di prodotti proponiamo una vasta variet\u00e0 di ceramiche per esterno, pensate appositamente per sfruttare gli enormi vantaggi progettuali del\u00a0<strong>gres porcellanato<\/strong>\u00a0in tutti i contesti di <strong>outdoor design<\/strong>.<\/span><\/p><h3>\u00a0<\/h3><h3><span style=\"font-size: 18pt; font-family: verdana, geneva, sans-serif; color: #000000;\"><strong>200 articoli, 10 formati, 4 spessori <\/strong><\/span><\/h3><p><span style=\"font-family: verdana, geneva, sans-serif; color: #000000;\">Le nostre soluzioni outdoor presentano una <strong>molteplicit\u00e0<\/strong> di combinazioni grazie ai <strong>diversi formati e spessori<\/strong> (dal 10 al 20 mm; 30 mm, fino al 50 mm) pronti a soddisfare ogni esigenza e richiesta, come:<\/span><\/p><ul><li><span style=\"font-family: verdana, geneva, sans-serif; color: #000000;\">il formato <strong>120&#215;120<\/strong> in <strong>20 mm e 30 mm R11<\/strong>,<\/span><\/li><li><span style=\"font-family: verdana, geneva, sans-serif; color: #000000;\">il <strong>90&#215;90<\/strong> e il <strong>60&#215;90 20 mm R11<\/strong>;<\/span><\/li><li><span style=\"font-family: verdana, geneva, sans-serif; color: #000000;\">il formato <strong>60&#215;60<\/strong> e <strong>60&#215;120<\/strong> in <strong>20 mm R11<\/strong>;<\/span><\/li><li><span style=\"font-family: verdana, geneva, sans-serif; color: #000000;\">il <strong>45&#215;90<\/strong> in <strong>10 mm R11<\/strong>;<\/span><\/li><\/ul><h3>\u00a0<\/h3><h3><span style=\"font-family: verdana, geneva, sans-serif; font-size: 18pt; color: #000000;\"><strong>Le soluzioni Tagina a MyPlant &amp; Garden<\/strong><\/span><\/h3><p><span style=\"font-family: verdana, geneva, sans-serif; color: #000000;\">Nei tre giorni di fiera, i visitatori potranno ammirare le collezioni Tagina in gres porcellanato nella loro versione R11, tra cui:<\/span><\/p><ul><li><span style=\"font-family: verdana, geneva, sans-serif; color: #000000;\"><a style=\"color: #000000;\" href=\"https:\/\/www.tagina.it\/de\/collezioni\/evoque\/\"><strong>Evoque<\/strong><\/a> per gli amanti dell\u2019effetto legno;<\/span><\/li><li><span style=\"font-family: verdana, geneva, sans-serif; color: #000000;\"><a style=\"color: #000000;\" href=\"https:\/\/www.tagina.it\/de\/collezioni\/ilcottotagina\/\"><strong>Ilcottotagina<\/strong><\/a>, il nostro evergreen, per chi preferisce uno stile pi\u00f9 rustico;<\/span><\/li><li><span style=\"font-family: verdana, geneva, sans-serif; color: #000000;\"><strong><a style=\"color: #000000;\" href=\"https:\/\/www.tagina.it\/de\/collezioni\/apogeo\/\">Apogeo<\/a> <\/strong>e <a style=\"color: #000000;\" href=\"https:\/\/www.tagina.it\/de\/collezioni\/concreta\/\"><strong>Concreta<\/strong><\/a> per chi predilige un design pi\u00f9 moderno e minimalista;<\/span><\/li><li><span style=\"font-family: verdana, geneva, sans-serif; color: #000000;\"><a style=\"color: #000000;\" href=\"https:\/\/www.tagina.it\/de\/collezioni\/mediterranea\/\"><strong>Mediterranea<\/strong><\/a>, la nostra nuova collezione effetto pietra, che racchiude in s\u00e9 contemporaneamente modernit\u00e0 e classicit\u00e0. Una serie che si contraddistingue grazie alla disponibilit\u00e0 del <strong>modulo 4 formati<\/strong>, anche nella versione outdoor, e alla <strong>presenza dei decori nella piastrella 60&#215;90 in 20 mm R11<\/strong>;<\/span><\/li><li><span style=\"font-family: verdana, geneva, sans-serif; color: #000000;\"><strong><a style=\"color: #000000;\" href=\"https:\/\/www.tagina.it\/de\/collezioni\/metal\/\">Metal<\/a>, <\/strong>il nostro effetto metallo che proponiamo anche in esterno e che rappresenta una <strong>novit\u00e0 assoluta in ceramica<\/strong>.<\/span><\/li><\/ul><p>\u00a0<\/p><p>\u00a0<\/p><p><span style=\"color: #000000;\"><strong><span style=\"font-family: verdana, geneva, sans-serif;\">Vi aspettiamo al nostro stand B49, Padiglione 20.<\/span><\/strong><\/span><\/p><p>\u00a0<\/p><p><span style=\"font-family: verdana, geneva, sans-serif; color: #000000;\">Tutti i dettagli dell\u2019evento:<\/span><\/p><p><span style=\"color: #000000;\"><em><span style=\"font-family: verdana, geneva, sans-serif;\">Padiglione 20, Stand B49<\/span><\/em><\/span><br \/><span style=\"color: #000000;\"><em><span style=\"font-family: verdana, geneva, sans-serif;\">Sede fiera: Fiera Milano, Rho<\/span><\/em><\/span><br \/><span style=\"color: #000000;\"><em><span style=\"font-family: verdana, geneva, sans-serif;\">Strada Statale del Sempione n.28, 20017 Rho (MI)<\/span><\/em><\/span><\/p><p>\u00a0<\/p><p><span style=\"font-family: verdana, geneva, sans-serif; color: #000000;\">Orari di apertura al pubblico:<\/span><\/p><p><span style=\"font-family: verdana, geneva, sans-serif; color: #000000;\">23 Febbraio dalle 9:00 alle 18:00<\/span><\/p><p><span style=\"font-family: verdana, geneva, sans-serif; color: #000000;\">24 Febbraio dalle 9:00 alle 18:00<\/span><\/p><p><span style=\"font-family: verdana, geneva, sans-serif; color: #000000;\">25 Febbraio dalle 9:00 alle 17:00<\/span><\/p>\t\t\t\t\t\t\t\t<\/div>\n\t\t\t\t<\/div>\n\t\t\t\t\t<\/div>\n\t\t<\/div>\n\t\t\t\t\t<\/div>\n\t\t<\/section>\n\t\t\t\t<section class=\"elementor-section elementor-top-section elementor-element elementor-element-6c1ae75 elementor-section-boxed elementor-section-height-default elementor-section-height-default\" data-id=\"6c1ae75\" data-element_type=\"section\" data-e-type=\"section\" data-settings=\"{&quot;jet_parallax_layout_list&quot;:[]}\">\n\t\t\t\t\t\t<div class=\"elementor-container elementor-column-gap-default\">\n\t\t\t\t\t<div class=\"elementor-column elementor-col-100 elementor-top-column elementor-element elementor-element-b575c3c\" data-id=\"b575c3c\" data-element_type=\"column\" data-e-type=\"column\">\n\t\t\t<div class=\"elementor-widget-wrap elementor-element-populated\">\n\t\t\t\t\t\t<div class=\"elementor-element elementor-element-c1fbc5c elementor-widget-divider--view-line elementor-widget elementor-widget-divider\" data-id=\"c1fbc5c\" data-element_type=\"widget\" data-e-type=\"widget\" data-widget_type=\"divider.default\">\n\t\t\t\t<div class=\"elementor-widget-container\">\n\t\t\t\t\t\t\t<div class=\"elementor-divider\">\n\t\t\t<span class=\"elementor-divider-separator\">\n\t\t\t\t\t\t<\/span>\n\t\t<\/div>\n\t\t\t\t\t\t<\/div>\n\t\t\t\t<\/div>\n\t\t\t\t\t<\/div>\n\t\t<\/div>\n\t\t\t\t\t<\/div>\n\t\t<\/section>\n\t\t\t\t<section class=\"elementor-section elementor-top-section elementor-element elementor-element-3d80b12 elementor-section-boxed elementor-section-height-default elementor-section-height-default\" data-id=\"3d80b12\" data-element_type=\"section\" data-e-type=\"section\" data-settings=\"{&quot;jet_parallax_layout_list&quot;:[]}\">\n\t\t\t\t\t\t<div class=\"elementor-container elementor-column-gap-default\">\n\t\t\t\t\t<div class=\"elementor-column elementor-col-100 elementor-top-column elementor-element elementor-element-3845d8a\" data-id=\"3845d8a\" data-element_type=\"column\" data-e-type=\"column\">\n\t\t\t<div class=\"elementor-widget-wrap elementor-element-populated\">\n\t\t\t\t\t\t<div class=\"elementor-element elementor-element-0ed76e2 elementor-widget elementor-widget-text-editor\" data-id=\"0ed76e2\" data-element_type=\"widget\" data-e-type=\"widget\" data-widget_type=\"text-editor.default\">\n\t\t\t\t<div class=\"elementor-widget-container\">\n\t\t\t\t\t\t\t\t\t<h6><span style=\"font-family: verdana, geneva, sans-serif; color: #000000;\">Richiedi il tuo codice invito tramite Tagina e visitaci alla fiera MyPlant &amp; Garden.<\/span><\/h6>\t\t\t\t\t\t\t\t<\/div>\n\t\t\t\t<\/div>\n\t\t\t\t\t<\/div>\n\t\t<\/div>\n\t\t\t\t\t<\/div>\n\t\t<\/section>\n\t\t\t\t<section class=\"elementor-section elementor-top-section elementor-element elementor-element-0f1544c elementor-section-boxed elementor-section-height-default elementor-section-height-default\" data-id=\"0f1544c\" data-element_type=\"section\" data-e-type=\"section\" data-settings=\"{&quot;jet_parallax_layout_list&quot;:[]}\">\n\t\t\t\t\t\t<div class=\"elementor-container elementor-column-gap-default\">\n\t\t\t\t\t<div class=\"elementor-column elementor-col-100 elementor-top-column elementor-element elementor-element-bca1572\" data-id=\"bca1572\" data-element_type=\"column\" data-e-type=\"column\">\n\t\t\t<div class=\"elementor-widget-wrap elementor-element-populated\">\n\t\t\t\t\t\t<div class=\"elementor-element elementor-element-3e7ea54 elementor-cta--layout-image-left elementor-cta--skin-classic elementor-animated-content elementor-bg-transform elementor-bg-transform-zoom-in elementor-widget elementor-widget-call-to-action\" data-id=\"3e7ea54\" data-element_type=\"widget\" data-e-type=\"widget\" data-widget_type=\"call-to-action.default\">\n\t\t\t\t<div class=\"elementor-widget-container\">\n\t\t\t\t\t\t\t<div class=\"elementor-cta\">\n\t\t\t\t\t\t\t<div class=\"elementor-cta__content\">\n\t\t\t\t\n\t\t\t\t\n\t\t\t\t\n\t\t\t\t\t\t\t\t\t<div class=\"elementor-cta__button-wrapper elementor-cta__content-item elementor-content-item \">\n\t\t\t\t\t<a class=\"elementor-cta__button elementor-button elementor-size-md\" href=\"http:\/\/landing.tagina.it\/codice-invito-myplants\">\n\t\t\t\t\t\tRICHIEDI IL CODICE INVITO\t\t\t\t\t<\/a>\n\t\t\t\t\t<\/div>\n\t\t\t\t\t\t\t<\/div>\n\t\t\t\t\t\t<\/div>\n\t\t\t\t\t\t<\/div>\n\t\t\t\t<\/div>\n\t\t\t\t\t<\/div>\n\t\t<\/div>\n\t\t\t\t\t<\/div>\n\t\t<\/section>\n\t\t\t\t<\/div>\n\t\t","protected":false},"excerpt":{"rendered":"<p>Tagina \u00e8 tra i partecipanti della fiera MyPlant &amp; Garden. Padiglione 20, Stand B49 \u2013 Fiera Milano, Rho (MI) Dal 23 al 25 febbraio, Tagina far\u00e0 parte degli espositori presenti a Fiera Milano, in occasione della kermesse MyPlant &amp; Garden, in posizione principale, di fianco alla Landscape Area, sezione che coprir\u00e0 una parte del Pad. [&hellip;]<\/p>\n","protected":false},"author":2,"featured_media":8590,"comment_status":"closed","ping_status":"closed","sticky":false,"template":"","format":"standard","meta":{"_acf_changed":false,"footnotes":""},"categories":[39,180,181],"tags":[256,257],"class_list":["post-7426","post","type-post","status-publish","format-standard","has-post-thumbnail","hentry","category-unkategorisiert","category-kommunikation","category-veranstaltungen","tag-fiera2022-de","tag-myplantgarden-de"],"acf":[],"yoast_head":"<!-- This site is optimized with the Yoast SEO plugin v27.5 - https:\/\/yoast.com\/product\/yoast-seo-wordpress\/ -->\n<title>Tagina partecipa alla fiera MyPlant &amp; Garden<\/title>\n<meta name=\"description\" content=\"Tagina partecipa alla fiera MyPlant &amp; Garden, con le sue soluzioni in gres porcellanato per tutti i contesti di outdoor design.\" \/>\n<meta name=\"robots\" content=\"index, follow, max-snippet:-1, max-image-preview:large, max-video-preview:-1\" \/>\n<link rel=\"canonical\" href=\"https:\/\/www.tagina.it\/de\/tagina-tra-i-partecipanti-della-fiera-myplantsgarden\/\" \/>\n<meta property=\"og:locale\" content=\"de_DE\" \/>\n<meta property=\"og:type\" content=\"article\" \/>\n<meta property=\"og:title\" content=\"Tagina partecipa alla fiera MyPlant &amp; Garden\" \/>\n<meta property=\"og:description\" content=\"Tagina partecipa alla fiera MyPlant &amp; Garden, con le sue soluzioni in gres porcellanato per tutti i contesti di outdoor design.\" \/>\n<meta property=\"og:url\" content=\"https:\/\/www.tagina.it\/de\/tagina-tra-i-partecipanti-della-fiera-myplantsgarden\/\" \/>\n<meta property=\"og:site_name\" content=\"Tagina\" \/>\n<meta property=\"article:published_time\" content=\"2022-02-14T16:36:59+00:00\" \/>\n<meta property=\"article:modified_time\" content=\"2022-08-23T15:16:05+00:00\" \/>\n<meta property=\"og:image\" content=\"https:\/\/www.tagina.it\/tag21\/tg21-cont\/uploads\/2022\/02\/IG_STAND.jpg\" \/>\n\t<meta property=\"og:image:width\" content=\"1080\" \/>\n\t<meta property=\"og:image:height\" content=\"1080\" \/>\n\t<meta property=\"og:image:type\" content=\"image\/jpeg\" \/>\n<meta name=\"author\" content=\"Elena Ercolani\" \/>\n<meta name=\"twitter:card\" content=\"summary_large_image\" \/>\n<meta name=\"twitter:label1\" content=\"Written by\" \/>\n\t<meta name=\"twitter:data1\" content=\"Elena Ercolani\" \/>\n\t<meta name=\"twitter:label2\" content=\"Est. reading time\" \/>\n\t<meta name=\"twitter:data2\" content=\"2 minutes\" \/>\n<script type=\"application\/ld+json\" class=\"yoast-schema-graph\">{\"@context\":\"https:\\\/\\\/schema.org\",\"@graph\":[{\"@type\":\"Article\",\"@id\":\"https:\\\/\\\/www.tagina.it\\\/de\\\/tagina-tra-i-partecipanti-della-fiera-myplantsgarden\\\/#article\",\"isPartOf\":{\"@id\":\"https:\\\/\\\/www.tagina.it\\\/de\\\/tagina-tra-i-partecipanti-della-fiera-myplantsgarden\\\/\"},\"author\":{\"name\":\"Elena Ercolani\",\"@id\":\"https:\\\/\\\/www.tagina.it\\\/de\\\/#\\\/schema\\\/person\\\/28485a1c02920547d220fdb603c4d23a\"},\"headline\":\"MyPlants&#038;Garden 2022\",\"datePublished\":\"2022-02-14T16:36:59+00:00\",\"dateModified\":\"2022-08-23T15:16:05+00:00\",\"mainEntityOfPage\":{\"@id\":\"https:\\\/\\\/www.tagina.it\\\/de\\\/tagina-tra-i-partecipanti-della-fiera-myplantsgarden\\\/\"},\"wordCount\":450,\"publisher\":{\"@id\":\"https:\\\/\\\/www.tagina.it\\\/de\\\/#organization\"},\"image\":{\"@id\":\"https:\\\/\\\/www.tagina.it\\\/de\\\/tagina-tra-i-partecipanti-della-fiera-myplantsgarden\\\/#primaryimage\"},\"thumbnailUrl\":\"https:\\\/\\\/www.tagina.it\\\/tag21\\\/tg21-cont\\\/uploads\\\/2022\\\/02\\\/IG_STAND.jpg\",\"keywords\":[\"Fiera2022\",\"MyPlant&amp;Garden\"],\"articleSection\":[\"Unkategorisiert\",\"Kommunikation\",\"Veranstaltungen\"],\"inLanguage\":\"de-DE\"},{\"@type\":\"WebPage\",\"@id\":\"https:\\\/\\\/www.tagina.it\\\/de\\\/tagina-tra-i-partecipanti-della-fiera-myplantsgarden\\\/\",\"url\":\"https:\\\/\\\/www.tagina.it\\\/de\\\/tagina-tra-i-partecipanti-della-fiera-myplantsgarden\\\/\",\"name\":\"Tagina partecipa alla fiera MyPlant & Garden\",\"isPartOf\":{\"@id\":\"https:\\\/\\\/www.tagina.it\\\/de\\\/#website\"},\"primaryImageOfPage\":{\"@id\":\"https:\\\/\\\/www.tagina.it\\\/de\\\/tagina-tra-i-partecipanti-della-fiera-myplantsgarden\\\/#primaryimage\"},\"image\":{\"@id\":\"https:\\\/\\\/www.tagina.it\\\/de\\\/tagina-tra-i-partecipanti-della-fiera-myplantsgarden\\\/#primaryimage\"},\"thumbnailUrl\":\"https:\\\/\\\/www.tagina.it\\\/tag21\\\/tg21-cont\\\/uploads\\\/2022\\\/02\\\/IG_STAND.jpg\",\"datePublished\":\"2022-02-14T16:36:59+00:00\",\"dateModified\":\"2022-08-23T15:16:05+00:00\",\"description\":\"Tagina partecipa alla fiera MyPlant & Garden, con le sue soluzioni in gres porcellanato per tutti i contesti di outdoor design.\",\"breadcrumb\":{\"@id\":\"https:\\\/\\\/www.tagina.it\\\/de\\\/tagina-tra-i-partecipanti-della-fiera-myplantsgarden\\\/#breadcrumb\"},\"inLanguage\":\"de-DE\",\"potentialAction\":[{\"@type\":\"ReadAction\",\"target\":[\"https:\\\/\\\/www.tagina.it\\\/de\\\/tagina-tra-i-partecipanti-della-fiera-myplantsgarden\\\/\"]}]},{\"@type\":\"ImageObject\",\"inLanguage\":\"de-DE\",\"@id\":\"https:\\\/\\\/www.tagina.it\\\/de\\\/tagina-tra-i-partecipanti-della-fiera-myplantsgarden\\\/#primaryimage\",\"url\":\"https:\\\/\\\/www.tagina.it\\\/tag21\\\/tg21-cont\\\/uploads\\\/2022\\\/02\\\/IG_STAND.jpg\",\"contentUrl\":\"https:\\\/\\\/www.tagina.it\\\/tag21\\\/tg21-cont\\\/uploads\\\/2022\\\/02\\\/IG_STAND.jpg\",\"width\":1080,\"height\":1080},{\"@type\":\"BreadcrumbList\",\"@id\":\"https:\\\/\\\/www.tagina.it\\\/de\\\/tagina-tra-i-partecipanti-della-fiera-myplantsgarden\\\/#breadcrumb\",\"itemListElement\":[{\"@type\":\"ListItem\",\"position\":1,\"name\":\"Home\",\"item\":\"https:\\\/\\\/www.tagina.it\\\/de\\\/\"},{\"@type\":\"ListItem\",\"position\":2,\"name\":\"Kommunikation\",\"item\":\"https:\\\/\\\/www.tagina.it\\\/de\\\/category\\\/kommunikation\\\/\"},{\"@type\":\"ListItem\",\"position\":3,\"name\":\"MyPlants&#038;Garden 2022\"}]},{\"@type\":\"WebSite\",\"@id\":\"https:\\\/\\\/www.tagina.it\\\/de\\\/#website\",\"url\":\"https:\\\/\\\/www.tagina.it\\\/de\\\/\",\"name\":\"Tagina\",\"description\":\"Storie di stile\",\"publisher\":{\"@id\":\"https:\\\/\\\/www.tagina.it\\\/de\\\/#organization\"},\"potentialAction\":[{\"@type\":\"SearchAction\",\"target\":{\"@type\":\"EntryPoint\",\"urlTemplate\":\"https:\\\/\\\/www.tagina.it\\\/de\\\/?s={search_term_string}\"},\"query-input\":{\"@type\":\"PropertyValueSpecification\",\"valueRequired\":true,\"valueName\":\"search_term_string\"}}],\"inLanguage\":\"de-DE\"},{\"@type\":\"Organization\",\"@id\":\"https:\\\/\\\/www.tagina.it\\\/de\\\/#organization\",\"name\":\"Tagina\",\"url\":\"https:\\\/\\\/www.tagina.it\\\/de\\\/\",\"logo\":{\"@type\":\"ImageObject\",\"inLanguage\":\"de-DE\",\"@id\":\"https:\\\/\\\/www.tagina.it\\\/de\\\/#\\\/schema\\\/logo\\\/image\\\/\",\"url\":\"https:\\\/\\\/www.tagina.it\\\/tag21\\\/tg21-cont\\\/uploads\\\/2020\\\/12\\\/tagina-logo-h-bianco-oro.svg\",\"contentUrl\":\"https:\\\/\\\/www.tagina.it\\\/tag21\\\/tg21-cont\\\/uploads\\\/2020\\\/12\\\/tagina-logo-h-bianco-oro.svg\",\"width\":100,\"height\":100,\"caption\":\"Tagina\"},\"image\":{\"@id\":\"https:\\\/\\\/www.tagina.it\\\/de\\\/#\\\/schema\\\/logo\\\/image\\\/\"}},{\"@type\":\"Person\",\"@id\":\"https:\\\/\\\/www.tagina.it\\\/de\\\/#\\\/schema\\\/person\\\/28485a1c02920547d220fdb603c4d23a\",\"name\":\"Elena Ercolani\",\"image\":{\"@type\":\"ImageObject\",\"inLanguage\":\"de-DE\",\"@id\":\"https:\\\/\\\/secure.gravatar.com\\\/avatar\\\/d00f76795df88c2dc9b5769daac33186cefa85e364156047d3c2b76b23ff777e?s=96&d=mm&r=g\",\"url\":\"https:\\\/\\\/secure.gravatar.com\\\/avatar\\\/d00f76795df88c2dc9b5769daac33186cefa85e364156047d3c2b76b23ff777e?s=96&d=mm&r=g\",\"contentUrl\":\"https:\\\/\\\/secure.gravatar.com\\\/avatar\\\/d00f76795df88c2dc9b5769daac33186cefa85e364156047d3c2b76b23ff777e?s=96&d=mm&r=g\",\"caption\":\"Elena Ercolani\"}}]}<\/script>\n<!-- \/ Yoast SEO plugin. -->","yoast_head_json":{"title":"Tagina partecipa alla fiera MyPlant & Garden","description":"Tagina partecipa alla fiera MyPlant & Garden, con le sue soluzioni in gres porcellanato per tutti i contesti di outdoor design.","robots":{"index":"index","follow":"follow","max-snippet":"max-snippet:-1","max-image-preview":"max-image-preview:large","max-video-preview":"max-video-preview:-1"},"canonical":"https:\/\/www.tagina.it\/de\/tagina-tra-i-partecipanti-della-fiera-myplantsgarden\/","og_locale":"de_DE","og_type":"article","og_title":"Tagina partecipa alla fiera MyPlant & Garden","og_description":"Tagina partecipa alla fiera MyPlant & Garden, con le sue soluzioni in gres porcellanato per tutti i contesti di outdoor design.","og_url":"https:\/\/www.tagina.it\/de\/tagina-tra-i-partecipanti-della-fiera-myplantsgarden\/","og_site_name":"Tagina","article_published_time":"2022-02-14T16:36:59+00:00","article_modified_time":"2022-08-23T15:16:05+00:00","og_image":[{"width":1080,"height":1080,"url":"https:\/\/www.tagina.it\/tag21\/tg21-cont\/uploads\/2022\/02\/IG_STAND.jpg","type":"image\/jpeg"}],"author":"Elena Ercolani","twitter_card":"summary_large_image","twitter_misc":{"Written by":"Elena Ercolani","Est. reading time":"2 minutes"},"schema":{"@context":"https:\/\/schema.org","@graph":[{"@type":"Article","@id":"https:\/\/www.tagina.it\/de\/tagina-tra-i-partecipanti-della-fiera-myplantsgarden\/#article","isPartOf":{"@id":"https:\/\/www.tagina.it\/de\/tagina-tra-i-partecipanti-della-fiera-myplantsgarden\/"},"author":{"name":"Elena Ercolani","@id":"https:\/\/www.tagina.it\/de\/#\/schema\/person\/28485a1c02920547d220fdb603c4d23a"},"headline":"MyPlants&#038;Garden 2022","datePublished":"2022-02-14T16:36:59+00:00","dateModified":"2022-08-23T15:16:05+00:00","mainEntityOfPage":{"@id":"https:\/\/www.tagina.it\/de\/tagina-tra-i-partecipanti-della-fiera-myplantsgarden\/"},"wordCount":450,"publisher":{"@id":"https:\/\/www.tagina.it\/de\/#organization"},"image":{"@id":"https:\/\/www.tagina.it\/de\/tagina-tra-i-partecipanti-della-fiera-myplantsgarden\/#primaryimage"},"thumbnailUrl":"https:\/\/www.tagina.it\/tag21\/tg21-cont\/uploads\/2022\/02\/IG_STAND.jpg","keywords":["Fiera2022","MyPlant&amp;Garden"],"articleSection":["Unkategorisiert","Kommunikation","Veranstaltungen"],"inLanguage":"de-DE"},{"@type":"WebPage","@id":"https:\/\/www.tagina.it\/de\/tagina-tra-i-partecipanti-della-fiera-myplantsgarden\/","url":"https:\/\/www.tagina.it\/de\/tagina-tra-i-partecipanti-della-fiera-myplantsgarden\/","name":"Tagina partecipa alla fiera MyPlant & Garden","isPartOf":{"@id":"https:\/\/www.tagina.it\/de\/#website"},"primaryImageOfPage":{"@id":"https:\/\/www.tagina.it\/de\/tagina-tra-i-partecipanti-della-fiera-myplantsgarden\/#primaryimage"},"image":{"@id":"https:\/\/www.tagina.it\/de\/tagina-tra-i-partecipanti-della-fiera-myplantsgarden\/#primaryimage"},"thumbnailUrl":"https:\/\/www.tagina.it\/tag21\/tg21-cont\/uploads\/2022\/02\/IG_STAND.jpg","datePublished":"2022-02-14T16:36:59+00:00","dateModified":"2022-08-23T15:16:05+00:00","description":"Tagina partecipa alla fiera MyPlant & Garden, con le sue soluzioni in gres porcellanato per tutti i contesti di outdoor design.","breadcrumb":{"@id":"https:\/\/www.tagina.it\/de\/tagina-tra-i-partecipanti-della-fiera-myplantsgarden\/#breadcrumb"},"inLanguage":"de-DE","potentialAction":[{"@type":"ReadAction","target":["https:\/\/www.tagina.it\/de\/tagina-tra-i-partecipanti-della-fiera-myplantsgarden\/"]}]},{"@type":"ImageObject","inLanguage":"de-DE","@id":"https:\/\/www.tagina.it\/de\/tagina-tra-i-partecipanti-della-fiera-myplantsgarden\/#primaryimage","url":"https:\/\/www.tagina.it\/tag21\/tg21-cont\/uploads\/2022\/02\/IG_STAND.jpg","contentUrl":"https:\/\/www.tagina.it\/tag21\/tg21-cont\/uploads\/2022\/02\/IG_STAND.jpg","width":1080,"height":1080},{"@type":"BreadcrumbList","@id":"https:\/\/www.tagina.it\/de\/tagina-tra-i-partecipanti-della-fiera-myplantsgarden\/#breadcrumb","itemListElement":[{"@type":"ListItem","position":1,"name":"Home","item":"https:\/\/www.tagina.it\/de\/"},{"@type":"ListItem","position":2,"name":"Kommunikation","item":"https:\/\/www.tagina.it\/de\/category\/kommunikation\/"},{"@type":"ListItem","position":3,"name":"MyPlants&#038;Garden 2022"}]},{"@type":"WebSite","@id":"https:\/\/www.tagina.it\/de\/#website","url":"https:\/\/www.tagina.it\/de\/","name":"Tagina","description":"Storie di stile","publisher":{"@id":"https:\/\/www.tagina.it\/de\/#organization"},"potentialAction":[{"@type":"SearchAction","target":{"@type":"EntryPoint","urlTemplate":"https:\/\/www.tagina.it\/de\/?s={search_term_string}"},"query-input":{"@type":"PropertyValueSpecification","valueRequired":true,"valueName":"search_term_string"}}],"inLanguage":"de-DE"},{"@type":"Organization","@id":"https:\/\/www.tagina.it\/de\/#organization","name":"Tagina","url":"https:\/\/www.tagina.it\/de\/","logo":{"@type":"ImageObject","inLanguage":"de-DE","@id":"https:\/\/www.tagina.it\/de\/#\/schema\/logo\/image\/","url":"https:\/\/www.tagina.it\/tag21\/tg21-cont\/uploads\/2020\/12\/tagina-logo-h-bianco-oro.svg","contentUrl":"https:\/\/www.tagina.it\/tag21\/tg21-cont\/uploads\/2020\/12\/tagina-logo-h-bianco-oro.svg","width":100,"height":100,"caption":"Tagina"},"image":{"@id":"https:\/\/www.tagina.it\/de\/#\/schema\/logo\/image\/"}},{"@type":"Person","@id":"https:\/\/www.tagina.it\/de\/#\/schema\/person\/28485a1c02920547d220fdb603c4d23a","name":"Elena Ercolani","image":{"@type":"ImageObject","inLanguage":"de-DE","@id":"https:\/\/secure.gravatar.com\/avatar\/d00f76795df88c2dc9b5769daac33186cefa85e364156047d3c2b76b23ff777e?s=96&d=mm&r=g","url":"https:\/\/secure.gravatar.com\/avatar\/d00f76795df88c2dc9b5769daac33186cefa85e364156047d3c2b76b23ff777e?s=96&d=mm&r=g","contentUrl":"https:\/\/secure.gravatar.com\/avatar\/d00f76795df88c2dc9b5769daac33186cefa85e364156047d3c2b76b23ff777e?s=96&d=mm&r=g","caption":"Elena Ercolani"}}]}},"_links":{"self":[{"href":"https:\/\/www.tagina.it\/de\/wp-json\/wp\/v2\/posts\/7426","targetHints":{"allow":["GET"]}}],"collection":[{"href":"https:\/\/www.tagina.it\/de\/wp-json\/wp\/v2\/posts"}],"about":[{"href":"https:\/\/www.tagina.it\/de\/wp-json\/wp\/v2\/types\/post"}],"author":[{"embeddable":true,"href":"https:\/\/www.tagina.it\/de\/wp-json\/wp\/v2\/users\/2"}],"replies":[{"embeddable":true,"href":"https:\/\/www.tagina.it\/de\/wp-json\/wp\/v2\/comments?post=7426"}],"version-history":[{"count":3,"href":"https:\/\/www.tagina.it\/de\/wp-json\/wp\/v2\/posts\/7426\/revisions"}],"predecessor-version":[{"id":8603,"href":"https:\/\/www.tagina.it\/de\/wp-json\/wp\/v2\/posts\/7426\/revisions\/8603"}],"wp:featuredmedia":[{"embeddable":true,"href":"https:\/\/www.tagina.it\/de\/wp-json\/wp\/v2\/media\/8590"}],"wp:attachment":[{"href":"https:\/\/www.tagina.it\/de\/wp-json\/wp\/v2\/media?parent=7426"}],"wp:term":[{"taxonomy":"category","embeddable":true,"href":"https:\/\/www.tagina.it\/de\/wp-json\/wp\/v2\/categories?post=7426"},{"taxonomy":"post_tag","embeddable":true,"href":"https:\/\/www.tagina.it\/de\/wp-json\/wp\/v2\/tags?post=7426"}],"curies":[{"name":"wp","href":"https:\/\/api.w.org\/{rel}","templated":true}]}}